{"id":5769,"date":"2024-10-10T11:03:08","date_gmt":"2024-10-10T09:03:08","guid":{"rendered":"https:\/\/www.valiente.shop\/mise-a-jour-des-delais-de-livraison\/"},"modified":"2024-10-10T11:03:08","modified_gmt":"2024-10-10T09:03:08","slug":"mise-a-jour-des-delais-de-livraison","status":"publish","type":"post","link":"https:\/\/www.valiente.shop\/fr\/mise-a-jour-des-delais-de-livraison\/","title":{"rendered":"MISE \u00c0 JOUR DES D\u00c9LAIS DE LIVRAISON"},"content":{"rendered":"<p>\u00c0 partir du 1er juillet 2021, les commandes pass\u00e9es dans notre boutique en ligne ne pourront \u00eatre livr\u00e9es qu&rsquo;au cours du mois d&rsquo;ao\u00fbt 2021.<\/p>\n","protected":false},"excerpt":{"rendered":"<p>\u00c0 partir du 1er juillet 2021, les commandes pass\u00e9es dans notre boutique en ligne ne pourront \u00eatre livr\u00e9es qu&rsquo;au cours du mois d&rsquo;ao\u00fbt 2021.<\/p>\n","protected":false},"author":2,"featured_media":5770,"comment_status":"closed","ping_status":"closed","sticky":false,"template":"","format":"standard","meta":{"footnotes":""},"categories":[499],"tags":[],"class_list":["post-5769","post","type-post","status-publish","format-standard","has-post-thumbnail","hentry","category-gamme"],"yoast_head":"<!-- This site is optimized with the Yoast SEO plugin v27.5 - https:\/\/yoast.com\/product\/yoast-seo-wordpress\/ -->\n<title>MISE \u00c0 JOUR DES D\u00c9LAIS DE LIVRAISON - Valiente Shop - Verandering vraagt moed<\/title>\n<meta name=\"robots\" content=\"index, follow, max-snippet:-1, max-image-preview:large, max-video-preview:-1\" \/>\n<link rel=\"canonical\" href=\"https:\/\/www.valiente.shop\/fr\/mise-a-jour-des-delais-de-livraison\/\" \/>\n<meta property=\"og:locale\" content=\"fr_FR\" \/>\n<meta property=\"og:type\" content=\"article\" \/>\n<meta property=\"og:title\" content=\"MISE \u00c0 JOUR DES D\u00c9LAIS DE LIVRAISON - Valiente Shop - Verandering vraagt moed\" \/>\n<meta property=\"og:description\" content=\"\u00c0 partir du 1er juillet 2021, les commandes pass\u00e9es dans notre boutique en ligne ne pourront \u00eatre livr\u00e9es qu&rsquo;au cours du mois d&rsquo;ao\u00fbt 2021.\" \/>\n<meta property=\"og:url\" content=\"https:\/\/www.valiente.shop\/fr\/mise-a-jour-des-delais-de-livraison\/\" \/>\n<meta property=\"og:site_name\" content=\"Valiente Shop - Verandering vraagt moed\" \/>\n<meta property=\"article:publisher\" content=\"https:\/\/www.facebook.com\/www.valiente.be\/\" \/>\n<meta property=\"article:published_time\" content=\"2024-10-10T09:03:08+00:00\" \/>\n<meta property=\"og:image\" content=\"https:\/\/www.valiente.shop\/wp-content\/uploads\/2021\/07\/Summer-holidays-2021-e1625142757768.png\" \/>\n\t<meta property=\"og:image:width\" content=\"1640\" \/>\n\t<meta property=\"og:image:height\" content=\"924\" \/>\n\t<meta property=\"og:image:type\" content=\"image\/png\" \/>\n<meta name=\"author\" content=\"Susy Leysen\" \/>\n<meta name=\"twitter:card\" content=\"summary_large_image\" \/>\n<meta name=\"twitter:label1\" content=\"\u00c9crit par\" \/>\n\t<meta name=\"twitter:data1\" content=\"Susy Leysen\" \/>\n<script type=\"application\/ld+json\" class=\"yoast-schema-graph\">{\"@context\":\"https:\\\/\\\/schema.org\",\"@graph\":[{\"@type\":\"Article\",\"@id\":\"https:\\\/\\\/www.valiente.shop\\\/fr\\\/mise-a-jour-des-delais-de-livraison\\\/#article\",\"isPartOf\":{\"@id\":\"https:\\\/\\\/www.valiente.shop\\\/fr\\\/mise-a-jour-des-delais-de-livraison\\\/\"},\"author\":{\"name\":\"Susy Leysen\",\"@id\":\"https:\\\/\\\/www.valiente.shop\\\/fr\\\/#\\\/schema\\\/person\\\/708da6538924fc55c45368408b040d05\"},\"headline\":\"MISE \u00c0 JOUR DES D\u00c9LAIS DE LIVRAISON\",\"datePublished\":\"2024-10-10T09:03:08+00:00\",\"mainEntityOfPage\":{\"@id\":\"https:\\\/\\\/www.valiente.shop\\\/fr\\\/mise-a-jour-des-delais-de-livraison\\\/\"},\"wordCount\":31,\"publisher\":{\"@id\":\"https:\\\/\\\/www.valiente.shop\\\/fr\\\/#organization\"},\"image\":{\"@id\":\"https:\\\/\\\/www.valiente.shop\\\/fr\\\/mise-a-jour-des-delais-de-livraison\\\/#primaryimage\"},\"thumbnailUrl\":\"https:\\\/\\\/www.valiente.shop\\\/wp-content\\\/uploads\\\/2021\\\/07\\\/Summer-holidays-2021-e1625142757768.png\",\"articleSection\":[\"Gamme\"],\"inLanguage\":\"fr-FR\"},{\"@type\":\"WebPage\",\"@id\":\"https:\\\/\\\/www.valiente.shop\\\/fr\\\/mise-a-jour-des-delais-de-livraison\\\/\",\"url\":\"https:\\\/\\\/www.valiente.shop\\\/fr\\\/mise-a-jour-des-delais-de-livraison\\\/\",\"name\":\"MISE \u00c0 JOUR DES D\u00c9LAIS DE LIVRAISON - Valiente Shop - Verandering vraagt moed\",\"isPartOf\":{\"@id\":\"https:\\\/\\\/www.valiente.shop\\\/fr\\\/#website\"},\"primaryImageOfPage\":{\"@id\":\"https:\\\/\\\/www.valiente.shop\\\/fr\\\/mise-a-jour-des-delais-de-livraison\\\/#primaryimage\"},\"image\":{\"@id\":\"https:\\\/\\\/www.valiente.shop\\\/fr\\\/mise-a-jour-des-delais-de-livraison\\\/#primaryimage\"},\"thumbnailUrl\":\"https:\\\/\\\/www.valiente.shop\\\/wp-content\\\/uploads\\\/2021\\\/07\\\/Summer-holidays-2021-e1625142757768.png\",\"datePublished\":\"2024-10-10T09:03:08+00:00\",\"breadcrumb\":{\"@id\":\"https:\\\/\\\/www.valiente.shop\\\/fr\\\/mise-a-jour-des-delais-de-livraison\\\/#breadcrumb\"},\"inLanguage\":\"fr-FR\",\"potentialAction\":[{\"@type\":\"ReadAction\",\"target\":[\"https:\\\/\\\/www.valiente.shop\\\/fr\\\/mise-a-jour-des-delais-de-livraison\\\/\"]}]},{\"@type\":\"ImageObject\",\"inLanguage\":\"fr-FR\",\"@id\":\"https:\\\/\\\/www.valiente.shop\\\/fr\\\/mise-a-jour-des-delais-de-livraison\\\/#primaryimage\",\"url\":\"https:\\\/\\\/www.valiente.shop\\\/wp-content\\\/uploads\\\/2021\\\/07\\\/Summer-holidays-2021-e1625142757768.png\",\"contentUrl\":\"https:\\\/\\\/www.valiente.shop\\\/wp-content\\\/uploads\\\/2021\\\/07\\\/Summer-holidays-2021-e1625142757768.png\",\"width\":1640,\"height\":924},{\"@type\":\"BreadcrumbList\",\"@id\":\"https:\\\/\\\/www.valiente.shop\\\/fr\\\/mise-a-jour-des-delais-de-livraison\\\/#breadcrumb\",\"itemListElement\":[{\"@type\":\"ListItem\",\"position\":1,\"name\":\"Home\",\"item\":\"https:\\\/\\\/www.valiente.shop\\\/fr\\\/\"},{\"@type\":\"ListItem\",\"position\":2,\"name\":\"MISE \u00c0 JOUR DES D\u00c9LAIS DE LIVRAISON\"}]},{\"@type\":\"WebSite\",\"@id\":\"https:\\\/\\\/www.valiente.shop\\\/fr\\\/#website\",\"url\":\"https:\\\/\\\/www.valiente.shop\\\/fr\\\/\",\"name\":\"Valiente Shop - Verandering vraagt moed\",\"description\":\"\",\"publisher\":{\"@id\":\"https:\\\/\\\/www.valiente.shop\\\/fr\\\/#organization\"},\"potentialAction\":[{\"@type\":\"SearchAction\",\"target\":{\"@type\":\"EntryPoint\",\"urlTemplate\":\"https:\\\/\\\/www.valiente.shop\\\/fr\\\/?s={search_term_string}\"},\"query-input\":{\"@type\":\"PropertyValueSpecification\",\"valueRequired\":true,\"valueName\":\"search_term_string\"}}],\"inLanguage\":\"fr-FR\"},{\"@type\":\"Organization\",\"@id\":\"https:\\\/\\\/www.valiente.shop\\\/fr\\\/#organization\",\"name\":\"Valiente \u00ae\",\"url\":\"https:\\\/\\\/www.valiente.shop\\\/fr\\\/\",\"logo\":{\"@type\":\"ImageObject\",\"inLanguage\":\"fr-FR\",\"@id\":\"https:\\\/\\\/www.valiente.shop\\\/fr\\\/#\\\/schema\\\/logo\\\/image\\\/\",\"url\":\"https:\\\/\\\/www.valiente.shop\\\/wp-content\\\/uploads\\\/2020\\\/04\\\/Valiente_logo_Black_R.jpg\",\"contentUrl\":\"https:\\\/\\\/www.valiente.shop\\\/wp-content\\\/uploads\\\/2020\\\/04\\\/Valiente_logo_Black_R.jpg\",\"width\":1983,\"height\":208,\"caption\":\"Valiente \u00ae\"},\"image\":{\"@id\":\"https:\\\/\\\/www.valiente.shop\\\/fr\\\/#\\\/schema\\\/logo\\\/image\\\/\"},\"sameAs\":[\"https:\\\/\\\/www.facebook.com\\\/www.valiente.be\\\/\",\"https:\\\/\\\/www.instagram.com\\\/valiente.bravery.design\\\/?hl=nl\"]},{\"@type\":\"Person\",\"@id\":\"https:\\\/\\\/www.valiente.shop\\\/fr\\\/#\\\/schema\\\/person\\\/708da6538924fc55c45368408b040d05\",\"name\":\"Susy Leysen\",\"image\":{\"@type\":\"ImageObject\",\"inLanguage\":\"fr-FR\",\"@id\":\"https:\\\/\\\/secure.gravatar.com\\\/avatar\\\/7f6d40e1bd4a28c5410f0be7b146fe295d620d40498c94607c051b9b3b1c7ec4?s=96&d=mm&r=g\",\"url\":\"https:\\\/\\\/secure.gravatar.com\\\/avatar\\\/7f6d40e1bd4a28c5410f0be7b146fe295d620d40498c94607c051b9b3b1c7ec4?s=96&d=mm&r=g\",\"contentUrl\":\"https:\\\/\\\/secure.gravatar.com\\\/avatar\\\/7f6d40e1bd4a28c5410f0be7b146fe295d620d40498c94607c051b9b3b1c7ec4?s=96&d=mm&r=g\",\"caption\":\"Susy Leysen\"},\"url\":\"https:\\\/\\\/www.valiente.shop\\\/fr\\\/author\\\/susy-valiente\\\/\"}]}<\/script>\n<!-- \/ Yoast SEO plugin. -->","yoast_head_json":{"title":"MISE \u00c0 JOUR DES D\u00c9LAIS DE LIVRAISON - Valiente Shop - Verandering vraagt moed","robots":{"index":"index","follow":"follow","max-snippet":"max-snippet:-1","max-image-preview":"max-image-preview:large","max-video-preview":"max-video-preview:-1"},"canonical":"https:\/\/www.valiente.shop\/fr\/mise-a-jour-des-delais-de-livraison\/","og_locale":"fr_FR","og_type":"article","og_title":"MISE \u00c0 JOUR DES D\u00c9LAIS DE LIVRAISON - Valiente Shop - Verandering vraagt moed","og_description":"\u00c0 partir du 1er juillet 2021, les commandes pass\u00e9es dans notre boutique en ligne ne pourront \u00eatre livr\u00e9es qu&rsquo;au cours du mois d&rsquo;ao\u00fbt 2021.","og_url":"https:\/\/www.valiente.shop\/fr\/mise-a-jour-des-delais-de-livraison\/","og_site_name":"Valiente Shop - Verandering vraagt moed","article_publisher":"https:\/\/www.facebook.com\/www.valiente.be\/","article_published_time":"2024-10-10T09:03:08+00:00","og_image":[{"width":1640,"height":924,"url":"https:\/\/www.valiente.shop\/wp-content\/uploads\/2021\/07\/Summer-holidays-2021-e1625142757768.png","type":"image\/png"}],"author":"Susy Leysen","twitter_card":"summary_large_image","twitter_misc":{"\u00c9crit par":"Susy Leysen"},"schema":{"@context":"https:\/\/schema.org","@graph":[{"@type":"Article","@id":"https:\/\/www.valiente.shop\/fr\/mise-a-jour-des-delais-de-livraison\/#article","isPartOf":{"@id":"https:\/\/www.valiente.shop\/fr\/mise-a-jour-des-delais-de-livraison\/"},"author":{"name":"Susy Leysen","@id":"https:\/\/www.valiente.shop\/fr\/#\/schema\/person\/708da6538924fc55c45368408b040d05"},"headline":"MISE \u00c0 JOUR DES D\u00c9LAIS DE LIVRAISON","datePublished":"2024-10-10T09:03:08+00:00","mainEntityOfPage":{"@id":"https:\/\/www.valiente.shop\/fr\/mise-a-jour-des-delais-de-livraison\/"},"wordCount":31,"publisher":{"@id":"https:\/\/www.valiente.shop\/fr\/#organization"},"image":{"@id":"https:\/\/www.valiente.shop\/fr\/mise-a-jour-des-delais-de-livraison\/#primaryimage"},"thumbnailUrl":"https:\/\/www.valiente.shop\/wp-content\/uploads\/2021\/07\/Summer-holidays-2021-e1625142757768.png","articleSection":["Gamme"],"inLanguage":"fr-FR"},{"@type":"WebPage","@id":"https:\/\/www.valiente.shop\/fr\/mise-a-jour-des-delais-de-livraison\/","url":"https:\/\/www.valiente.shop\/fr\/mise-a-jour-des-delais-de-livraison\/","name":"MISE \u00c0 JOUR DES D\u00c9LAIS DE LIVRAISON - Valiente Shop - Verandering vraagt moed","isPartOf":{"@id":"https:\/\/www.valiente.shop\/fr\/#website"},"primaryImageOfPage":{"@id":"https:\/\/www.valiente.shop\/fr\/mise-a-jour-des-delais-de-livraison\/#primaryimage"},"image":{"@id":"https:\/\/www.valiente.shop\/fr\/mise-a-jour-des-delais-de-livraison\/#primaryimage"},"thumbnailUrl":"https:\/\/www.valiente.shop\/wp-content\/uploads\/2021\/07\/Summer-holidays-2021-e1625142757768.png","datePublished":"2024-10-10T09:03:08+00:00","breadcrumb":{"@id":"https:\/\/www.valiente.shop\/fr\/mise-a-jour-des-delais-de-livraison\/#breadcrumb"},"inLanguage":"fr-FR","potentialAction":[{"@type":"ReadAction","target":["https:\/\/www.valiente.shop\/fr\/mise-a-jour-des-delais-de-livraison\/"]}]},{"@type":"ImageObject","inLanguage":"fr-FR","@id":"https:\/\/www.valiente.shop\/fr\/mise-a-jour-des-delais-de-livraison\/#primaryimage","url":"https:\/\/www.valiente.shop\/wp-content\/uploads\/2021\/07\/Summer-holidays-2021-e1625142757768.png","contentUrl":"https:\/\/www.valiente.shop\/wp-content\/uploads\/2021\/07\/Summer-holidays-2021-e1625142757768.png","width":1640,"height":924},{"@type":"BreadcrumbList","@id":"https:\/\/www.valiente.shop\/fr\/mise-a-jour-des-delais-de-livraison\/#breadcrumb","itemListElement":[{"@type":"ListItem","position":1,"name":"Home","item":"https:\/\/www.valiente.shop\/fr\/"},{"@type":"ListItem","position":2,"name":"MISE \u00c0 JOUR DES D\u00c9LAIS DE LIVRAISON"}]},{"@type":"WebSite","@id":"https:\/\/www.valiente.shop\/fr\/#website","url":"https:\/\/www.valiente.shop\/fr\/","name":"Valiente Shop - Verandering vraagt moed","description":"","publisher":{"@id":"https:\/\/www.valiente.shop\/fr\/#organization"},"potentialAction":[{"@type":"SearchAction","target":{"@type":"EntryPoint","urlTemplate":"https:\/\/www.valiente.shop\/fr\/?s={search_term_string}"},"query-input":{"@type":"PropertyValueSpecification","valueRequired":true,"valueName":"search_term_string"}}],"inLanguage":"fr-FR"},{"@type":"Organization","@id":"https:\/\/www.valiente.shop\/fr\/#organization","name":"Valiente \u00ae","url":"https:\/\/www.valiente.shop\/fr\/","logo":{"@type":"ImageObject","inLanguage":"fr-FR","@id":"https:\/\/www.valiente.shop\/fr\/#\/schema\/logo\/image\/","url":"https:\/\/www.valiente.shop\/wp-content\/uploads\/2020\/04\/Valiente_logo_Black_R.jpg","contentUrl":"https:\/\/www.valiente.shop\/wp-content\/uploads\/2020\/04\/Valiente_logo_Black_R.jpg","width":1983,"height":208,"caption":"Valiente \u00ae"},"image":{"@id":"https:\/\/www.valiente.shop\/fr\/#\/schema\/logo\/image\/"},"sameAs":["https:\/\/www.facebook.com\/www.valiente.be\/","https:\/\/www.instagram.com\/valiente.bravery.design\/?hl=nl"]},{"@type":"Person","@id":"https:\/\/www.valiente.shop\/fr\/#\/schema\/person\/708da6538924fc55c45368408b040d05","name":"Susy Leysen","image":{"@type":"ImageObject","inLanguage":"fr-FR","@id":"https:\/\/secure.gravatar.com\/avatar\/7f6d40e1bd4a28c5410f0be7b146fe295d620d40498c94607c051b9b3b1c7ec4?s=96&d=mm&r=g","url":"https:\/\/secure.gravatar.com\/avatar\/7f6d40e1bd4a28c5410f0be7b146fe295d620d40498c94607c051b9b3b1c7ec4?s=96&d=mm&r=g","contentUrl":"https:\/\/secure.gravatar.com\/avatar\/7f6d40e1bd4a28c5410f0be7b146fe295d620d40498c94607c051b9b3b1c7ec4?s=96&d=mm&r=g","caption":"Susy Leysen"},"url":"https:\/\/www.valiente.shop\/fr\/author\/susy-valiente\/"}]}},"_links":{"self":[{"href":"https:\/\/www.valiente.shop\/fr\/wp-json\/wp\/v2\/posts\/5769","targetHints":{"allow":["GET"]}}],"collection":[{"href":"https:\/\/www.valiente.shop\/fr\/wp-json\/wp\/v2\/posts"}],"about":[{"href":"https:\/\/www.valiente.shop\/fr\/wp-json\/wp\/v2\/types\/post"}],"author":[{"embeddable":true,"href":"https:\/\/www.valiente.shop\/fr\/wp-json\/wp\/v2\/users\/2"}],"replies":[{"embeddable":true,"href":"https:\/\/www.valiente.shop\/fr\/wp-json\/wp\/v2\/comments?post=5769"}],"version-history":[{"count":0,"href":"https:\/\/www.valiente.shop\/fr\/wp-json\/wp\/v2\/posts\/5769\/revisions"}],"wp:featuredmedia":[{"embeddable":true,"href":"https:\/\/www.valiente.shop\/fr\/wp-json\/wp\/v2\/media\/5770"}],"wp:attachment":[{"href":"https:\/\/www.valiente.shop\/fr\/wp-json\/wp\/v2\/media?parent=5769"}],"wp:term":[{"taxonomy":"category","embeddable":true,"href":"https:\/\/www.valiente.shop\/fr\/wp-json\/wp\/v2\/categories?post=5769"},{"taxonomy":"post_tag","embeddable":true,"href":"https:\/\/www.valiente.shop\/fr\/wp-json\/wp\/v2\/tags?post=5769"}],"curies":[{"name":"wp","href":"https:\/\/api.w.org\/{rel}","templated":true}]}}